{"id":16880,"date":"2026-09-03T10:00:19","date_gmt":"2026-09-03T08:00:19","guid":{"rendered":"https:\/\/eoc.vision\/?p=16880"},"modified":"2026-09-03T14:58:28","modified_gmt":"2026-09-03T12:58:28","slug":"personal-branding-in-social-media","status":"publish","type":"post","link":"https:\/\/eoc.vision\/de\/personal-branding-in-social-media\/","title":{"rendered":"Personal Branding in Social Media: Wie Expertise sichtbar und die eigene Positionierung erkennbar wird"},"content":{"rendered":"\n<p class=\"wp-block-paragraph\">Heute ist es vergleichsweise einfach, sichtbar zu sein. LinkedIn, Instagram und andere soziale Netzwerke erm\u00f6glichen es Unternehmer und Unternehmerinnen, F\u00fchrungskr\u00e4ften und Fachleuten, Einblicke in ihre Arbeit zu geben, Wissen zu teilen und Menschen zu erreichen, die vor wenigen Jahren noch au\u00dferhalb des eigenen beruflichen Netzwerks geblieben w\u00e4ren.<\/p>\n\n\n\n<p class=\"wp-block-paragraph\">Mit diesen M\u00f6glichkeiten ist allerdings auch die Menge an Inhalten enorm gestiegen, mit denen wir t\u00e4glich konfrontiert werden. Regelm\u00e4\u00dfig zu ver\u00f6ffentlichen kann also Aufmerksamkeit schaffen &#8211; einen Eindruck zu hinterlassen, der im Ged\u00e4chtnis bleibt und mit einer bestimmten Kompetenz verbunden wird, erfordert dagegen eine klare Ausrichtung.<\/p>\n\n\n\n<p class=\"wp-block-paragraph\">Das zeigt sich bei Personen, die im Laufe der Zeit ganz selbstverst\u00e4ndlich mit einem bestimmten Themenfeld in Verbindung gebracht werden. Ihr Name steht f\u00fcr eine Kompetenz, einen Ansatz oder eine bestimmte Sicht auf den Markt. Entsteht eine Fragestellung in diesem Bereich, werden sie als glaubw\u00fcrdige und kompetente Ansprechpartner wahrgenommen.<\/p>\n\n\n\n<p class=\"wp-block-paragraph\">Genau hier setzt Personal <a href=\"https:\/\/eoc.vision\/de\/die-rolle-der-nachhaltigkeit-im-branding\/\">Branding<\/a> an: Es beschreibt den gezielten Aufbau eines klaren beruflichen Profils, das Kompetenzen, Erfahrungen und die eigene Perspektive miteinander verbindet. Und <a href=\"https:\/\/eoc.vision\/de\/social-media-marketing-digital\/\">Social Media<\/a> k\u00f6nnen diese Wahrnehmung verst\u00e4rken, wenn dahinter eine erkennbare Richtung steht.<\/p>\n\n\n\n<figure class=\"wp-block-image size-large\"><img loading=\"lazy\" decoding=\"async\" width=\"1024\" height=\"576\" src=\"https:\/\/eoc.vision\/wp-content\/uploads\/2026\/08\/35-2-1024x576.jpg\" alt=\"|\" class=\"wp-image-16937\" title=\"\" srcset=\"https:\/\/eoc.vision\/wp-content\/uploads\/2026\/08\/35-2-1024x576.jpg 1024w, https:\/\/eoc.vision\/wp-content\/uploads\/2026\/08\/35-2-300x169.jpg 300w, https:\/\/eoc.vision\/wp-content\/uploads\/2026\/08\/35-2-768x432.jpg 768w, https:\/\/eoc.vision\/wp-content\/uploads\/2026\/08\/35-2-1536x863.jpg 1536w, https:\/\/eoc.vision\/wp-content\/uploads\/2026\/08\/35-2.jpg 1980w\" sizes=\"auto, (max-width: 1024px) 100vw, 1024px\" \/><\/figure>\n\n\n\n<div class=\"wp-block-rank-math-toc-block\" id=\"rank-math-toc\"><h2>Inhalt<\/h2><nav><ul><li class=\"\"><a href=\"#che-cose-il-personal-branding-sui-social-media-e-perche-e-importante\">Was bedeutet Personal Branding in Social Media und warum ist es wichtig?<\/a><\/li><li class=\"\"><a href=\"#come-costruire-un-personal-brand-riconoscibile-sui-social-media\">Eine erkennbare Personal Brand braucht eine klare Positionierung<\/a><\/li><li class=\"\"><a href=\"#quali-contenuti-rafforzano-il-personal-branding\">Welche Inhalte st\u00e4rken Personal Branding?<\/a><\/li><li class=\"\"><a href=\"#autorevolezza-e-visibilita-misurano-risultati-diversi\">Sichtbarkeit und Expertise zeigen unterschiedliche Wirkungen<\/a><\/li><li class=\"\"><a href=\"#personal-brand-e-brand-aziendale-possono-rafforzarsi-a-vicenda\">Personal Brand und Unternehmensmarke k\u00f6nnen sich gegenseitig st\u00e4rken<\/a><\/li><li class=\"\"><a href=\"#la-reputazione-nasce-dalla-coerenza-tra-comunicazione-ed-esperienza\">Reputation entsteht durch \u00dcbereinstimmung von Kommunikation und Erfahrung<\/a><\/li><li class=\"\"><a href=\"#la-prospettiva-di-eoc\">Die Perspektive von EOC<\/a><\/li><li class=\"\"><a href=\"#un-personal-brand-efficace-trasforma-la-visibilita-in-fiducia\">Eine starke Personal Brand macht aus Sichtbarkeit Vertrauen<\/a><\/li><\/ul><\/nav><\/div>\n\n\n\n<h3 id=\"che-cose-il-personal-branding-sui-social-media-e-perche-e-importante\" class=\"wp-block-heading\">Was bedeutet Personal Branding in Social Media und warum ist es wichtig?<\/h3>\n\n\n\n<p class=\"wp-block-paragraph\">Personal Branding wird gelegentlich mit Selbstdarstellung gleichgesetzt \u2013 als w\u00fcrde der Aufbau einer pers\u00f6nlichen <a href=\"https:\/\/eoc.vision\/de\/leitfaden-zur-markenarchitektur\/\">Marke<\/a> vor allem bedeuten, kontinuierlich \u00fcber Erfolge und pers\u00f6nliche Leistungen zu sprechen. Entscheidend ist jedoch vielmehr, welchen relevanten Beitrag eine Person f\u00fcr andere leisten kann und wie verst\u00e4ndlich dieser vermittelt wird.<\/p>\n\n\n\n<p class=\"wp-block-paragraph\">Unternehmer und Unternehmerinnen k\u00f6nnen Erfahrungen aus der Entwicklung ihres Unternehmens teilen, F\u00fchrungskr\u00e4fte Ver\u00e4nderungen in ihrer Branche aus der eigenen Perspektive einordnen und Fachleute Wissen zug\u00e4nglich machen, das sie in ihrer t\u00e4glichen Arbeit aufgebaut haben.<\/p>\n\n\n\n<p class=\"wp-block-paragraph\">Damit ver\u00e4ndert sich auch der Ausgangspunkt der Kommunikation. Die zentrale Frage lautet nun: F\u00fcr welche Kompetenz, Haltung oder Perspektive m\u00f6chte ich wahrgenommen werden?<\/p>\n\n\n\n<p class=\"wp-block-paragraph\">Eine klare Antwort darauf schafft wiederum die Grundlage f\u00fcr die eigene Positionierung. Gleichzeitig erleichtert sie die Entscheidung, welche Themen, Erfahrungen und Inhalte zur pers\u00f6nlichen Kommunikation passen.<\/p>\n\n\n\n<h3 id=\"come-costruire-un-personal-brand-riconoscibile-sui-social-media\" class=\"wp-block-heading\">Eine erkennbare Personal Brand braucht eine klare Positionierung<\/h3>\n\n\n\n<p class=\"wp-block-paragraph\">Digitale Plattformen laden dazu ein, neue Formate auszuprobieren, Trends aufzugreifen und \u00fcber unterschiedlichste Themen zu sprechen. Sicherlich kann dadurch eine abwechslungsreiche Pr\u00e4senz entstehen. Aber: Ohne klare Richtung l\u00e4uft man leicht Gefahr, an Profil zu verlieren.&nbsp;<\/p>\n\n\n\n<p class=\"wp-block-paragraph\">Eine starke Personal Brand braucht deshalb ein klar definiertes Themenfeld. Dazu geh\u00f6rt, zu verstehen, bei welchen Fragestellungen die eigene Kompetenz tats\u00e4chlich relevant ist, was den pers\u00f6nlichen beruflichen Weg unterscheidet und in welchen Bereichen langfristig Expertise aufgebaut werden soll.<\/p>\n\n\n\n<p class=\"wp-block-paragraph\">Spezialisierung wird damit letztlich zu einer strategischen Entscheidung und bedeutet keineswegs, immer \u00fcber dasselbe Thema zu sprechen. Vielmehr schafft sie einen Rahmen, in dem unterschiedliche Erfahrungen und Inhalte miteinander verbunden werden k\u00f6nnen.<\/p>\n\n\n\n<p class=\"wp-block-paragraph\">Je klarer dieser Rahmen ist, desto leichter l\u00e4sst sich auch verstehen, wof\u00fcr eine Person steht und welchen Mehrwert ihre Inhalte bieten.<\/p>\n\n\n\n<h3 id=\"quali-contenuti-rafforzano-il-personal-branding\" class=\"wp-block-heading\">Welche Inhalte st\u00e4rken Personal Branding?<\/h3>\n\n\n\n<p class=\"wp-block-paragraph\">Ist die Positionierung definiert, dann werden Inhalte zum Instrument, um vorhandene Kompetenz f\u00fcr einen gr\u00f6\u00dferen Kreis sichtbar und zug\u00e4nglich zu machen.<\/p>\n\n\n\n<p class=\"wp-block-paragraph\">Der Wert eines Beitrags h\u00e4ngt dabei nicht zwangsl\u00e4ufig von der Komplexit\u00e4t des Themas ab. Er kann darin liegen, ein wiederkehrendes Problem verst\u00e4ndlich zu erkl\u00e4ren, eine Entwicklung im Markt einzuordnen, Erkenntnisse aus einem Projekt zu teilen oder Erfahrungen weiterzugeben, von denen andere profitieren k\u00f6nnen.<\/p>\n\n\n\n<p class=\"wp-block-paragraph\">An diesem Punkt beginnen sich berufliche Erfahrung und Kommunikation gegenseitig zu verst\u00e4rken: Die t\u00e4gliche Arbeit liefert Wissen, Beobachtungen und Perspektiven. Inhalte helfen dabei, diese zu strukturieren und daraus einen relevanten Beitrag f\u00fcr andere zu entwickeln.<\/p>\n\n\n\n<p class=\"wp-block-paragraph\">Personal Branding wird dadurch konkret: Kompetenz wird nicht einfach behauptet, sondern durch Inhalte nachvollziehbar gemacht.<\/p>\n\n\n\n<h3 id=\"autorevolezza-e-visibilita-misurano-risultati-diversi\" class=\"wp-block-heading\">Sichtbarkeit und Expertise zeigen unterschiedliche Wirkungen<\/h3>\n\n\n\n<p class=\"wp-block-paragraph\">Social Media stellen zahlreiche Erfolgskennzahlen unmittelbar zur Verf\u00fcgung: Aufrufe, <a href=\"https:\/\/eoc.vision\/de\/follower-auf-instagram-kaufen-oder-nicht\/\">Follower<\/a>, Likes, Kommentare, Shares und Impressions. Sie zeigen, wie gut Inhalte Menschen erreichen und Aufmerksamkeit erzeugen.<\/p>\n\n\n\n<p class=\"wp-block-paragraph\">Ob jemand jedoch tats\u00e4chlich als kompetente Stimme seines Bereichs wahrgenommen wird, zeigt sich an anderen Signalen. Einige davon sind: Menschen suchen gezielt den fachlichen Austausch, stellen Anfragen zu einem bestimmten Thema, fragen nach einer Einsch\u00e4tzung oder es entstehen neue Kontakte und berufliche M\u00f6glichkeiten.<\/p>\n\n\n\n<p class=\"wp-block-paragraph\">Bei der Bewertung einer Personal Brand sollte somit auch ber\u00fccksichtigt werden, welche Qualit\u00e4t die entstandenen Beziehungen haben, welche Chancen daraus entstehen und wie sich die digitale Pr\u00e4senz auf die berufliche Reputation auswirkt.<\/p>\n\n\n\n<p class=\"wp-block-paragraph\">Denn es gilt zu bedenken: Ein Beitrag mit hoher Reichweite kann schnell an Wirkung verlieren. Eine relevante berufliche Beziehung, die durch diesen Beitrag entstanden ist, kann dagegen langfristig Wert schaffen.<\/p>\n\n\n\n<h3 id=\"personal-brand-e-brand-aziendale-possono-rafforzarsi-a-vicenda\" class=\"wp-block-heading\">Personal Brand und Unternehmensmarke k\u00f6nnen sich gegenseitig st\u00e4rken<\/h3>\n\n\n\n<p class=\"wp-block-paragraph\">F\u00fcr Unternehmer und Unternehmerinnen sowie F\u00fchrungskr\u00e4fte erh\u00e4lt Personal Branding eine zus\u00e4tzliche Dimension, weil die pers\u00f6nliche Reputation eng mit der Wahrnehmung des Unternehmens verbunden ist.<\/p>\n\n\n\n<p class=\"wp-block-paragraph\">Eine glaubw\u00fcrdige und fachlich profilierte Person kann ein Unternehmen nahbarer machen, seinen Kompetenzen ein Gesicht geben und den Aufbau von Beziehungen zu Kunden, Partnern und potenziellen Mitarbeitenden erleichtern. Gerade im B2B-Umfeld entsteht Vertrauen h\u00e4ufig zun\u00e4chst \u00fcber konkrete Ansprechpartner und pers\u00f6nliche Erfahrungen.<\/p>\n\n\n\n<p class=\"wp-block-paragraph\">Diese Verbindung wirkt zugleich auch in die andere Richtung. Ein glaubw\u00fcrdiges und klar positioniertes Unternehmen st\u00e4rkt die Reputation der Menschen, die es nach au\u00dfen vertreten.<\/p>\n\n\n\n<p class=\"wp-block-paragraph\">Besonders relevant wird dieses Gleichgewicht, wenn ein gro\u00dfer Teil der Unternehmensreputation auf einer einzigen Person beruht. Wichtig ist deshalb, dass die pers\u00f6nliche Marke und die unternehmerische Marke eigenst\u00e4ndig erkennbar bleiben und sich zugleich erg\u00e4nzen. So kann eine Person das Unternehmen st\u00e4rken, ohne dass dessen Wahrnehmung vollst\u00e4ndig von ihrer Pr\u00e4senz abh\u00e4ngig wird.<\/p>\n\n\n\n<h3 id=\"la-reputazione-nasce-dalla-coerenza-tra-comunicazione-ed-esperienza\" class=\"wp-block-heading\">Reputation entsteht durch \u00dcbereinstimmung von Kommunikation und Erfahrung<\/h3>\n\n\n\n<p class=\"wp-block-paragraph\">Aufmerksamkeit l\u00e4sst sich in Social Media vergleichsweise schnell erzeugen &#8211; nicht so die Reputation, die sich anders entwickelt. Dabei gilt: Was eine Person kommuniziert, muss sich in ihrer tats\u00e4chlichen Kompetenz, ihren beruflichen Erfahrungen und der Qualit\u00e4t ihrer Beziehungen widerspiegeln.<\/p>\n\n\n\n<p class=\"wp-block-paragraph\">Personal Branding l\u00e4sst sich aus diesem Grund schwerlich von der beruflichen Realit\u00e4t trennen. Inhalte k\u00f6nnen Expertise sichtbar machen und ihre Wahrnehmung verst\u00e4rken. Glaubw\u00fcrdig wird diese Expertise aber durch die Erfahrungen, die Kunden, Kollegen und andere Ansprechpartner tats\u00e4chlich mit einer Person machen.<\/p>\n\n\n\n<p class=\"wp-block-paragraph\">Stimmen Kommunikation und erlebte Realit\u00e4t langfristig \u00fcberein, dann festigt sich die Reputation. Ein sorgf\u00e4ltig aufgebautes digitales Bild, das sich im beruflichen Alltag nicht best\u00e4tigt, bleibt dagegen fragil.<\/p>\n\n\n\n<p class=\"wp-block-paragraph\">Kontinuit\u00e4t bedeutet in diesem Zusammenhang mehr als regelm\u00e4\u00dfiges Ver\u00f6ffentlichen: Sie bedeutet, das eigene Profil erkennbar weiterzuentwickeln, w\u00e4hrend Kompetenzen, Verantwortung und berufliche Erfahrung wachsen.<\/p>\n\n\n\n<h3 id=\"la-prospettiva-di-eoc\" class=\"wp-block-heading\">Die Perspektive von EOC<\/h3>\n\n\n\n<p class=\"wp-block-paragraph\">In der strategischen Arbeit mit Unternehmen betrachtet EOC Personal Branding im Zusammenhang mit der gesamten Positionierung der Organisation.<\/p>\n\n\n\n<p class=\"wp-block-paragraph\">Unternehmer und UnternehmerInnen, F\u00fchrungskr\u00e4fte und andere Schl\u00fcsselpersonen k\u00f6nnen wichtige Verbindungspunkte zwischen Unternehmen und Markt sein. Mit ihrer Erfahrung, ihrem Fachwissen und ihrer Perspektive machen sie die Identit\u00e4t eines Unternehmens greifbarer, schaffen Vertrauen und tragen zur Reputation bei.<\/p>\n\n\n\n<p class=\"wp-block-paragraph\">Der Ausgangspunkt ist daher die Frage, welchen Beitrag eine Person zur Wahrnehmung des Unternehmens leisten kann. Themen, Frequenz und Plattformen folgen erst danach und werden aus dieser strategischen Richtung abgeleitet.<\/p>\n\n\n\n<p class=\"wp-block-paragraph\">Wenn Personal Brand und Unternehmensmarke infolge auf gemeinsamen Werten und einer klaren Positionierung aufbauen, dann kann die Pr\u00e4senz von Personen in Social Media die Unternehmenskommunikation st\u00e4rken, professionelle Beziehungen f\u00f6rdern und die Gesch\u00e4ftsentwicklung unterst\u00fctzen.<\/p>\n\n\n\n<h3 id=\"un-personal-brand-efficace-trasforma-la-visibilita-in-fiducia\" class=\"wp-block-heading\">Eine starke Personal Brand macht aus Sichtbarkeit Vertrauen<\/h3>\n\n\n\n<p class=\"wp-block-paragraph\">Social Media haben es einfacher gemacht, Inhalte zu ver\u00f6ffentlichen, Erfahrungen zu teilen und neue Zielgruppen zu erreichen. Pr\u00e4senz ist dabei aber l\u00e4ngst nur der Anfang.<\/p>\n\n\n\n<p class=\"wp-block-paragraph\">Langfristig z\u00e4hlt, welche Verbindung in den K\u00f6pfen der Menschen entsteht: eine bestimmte Kompetenz, eine Art, Probleme zu betrachten, eine Perspektive auf den Markt oder ein klar erkennbarer fachlicher Beitrag.<\/p>\n\n\n\n<p class=\"wp-block-paragraph\">Eine starke Personal Brand entsteht hier aus einer klaren Ausrichtung, relevanten Inhalten und einer beruflichen Realit\u00e4t, die das kommunizierte Profil best\u00e4tigt.<\/p>\n\n\n\n<p class=\"wp-block-paragraph\">Sichtbarkeit schafft den ersten Kontakt &#8211; eine starke Positionierung sorgt daf\u00fcr, dass Menschen wissen, an wen sie denken k\u00f6nnen, wenn sie eine bestimmte Kompetenz ben\u00f6tigen.<\/p>\n","protected":false},"excerpt":{"rendered":"<p>Heute ist es vergleichsweise einfach, sichtbar zu sein. LinkedIn, Instagram und andere soziale Netzwerke erm\u00f6glichen es Unternehmer und Unternehmerinnen, F\u00fchrungskr\u00e4ften und Fachleuten, Einblicke in ihre Arbeit zu geben, Wissen zu teilen und Menschen zu erreichen, die vor wenigen Jahren noch au\u00dferhalb des&#8230;<\/p>\n","protected":false},"author":5,"featured_media":16959,"comment_status":"closed","ping_status":"closed","sticky":false,"template":"","format":"standard","meta":{"inline_featured_image":false,"footnotes":""},"categories":[120,176],"tags":[],"class_list":["post-16880","post","type-post","status-publish","format-standard","has-post-thumbnail","category-marketing-de-2","category-branding-de"],"publishpress_future_workflow_manual_trigger":{"enabledWorkflows":[]},"_links":{"self":[{"href":"https:\/\/eoc.vision\/de\/wp-json\/wp\/v2\/posts\/16880","targetHints":{"allow":["GET"]}}],"collection":[{"href":"https:\/\/eoc.vision\/de\/wp-json\/wp\/v2\/posts"}],"about":[{"href":"https:\/\/eoc.vision\/de\/wp-json\/wp\/v2\/types\/post"}],"author":[{"embeddable":true,"href":"https:\/\/eoc.vision\/de\/wp-json\/wp\/v2\/users\/5"}],"replies":[{"embeddable":true,"href":"https:\/\/eoc.vision\/de\/wp-json\/wp\/v2\/comments?post=16880"}],"version-history":[{"count":4,"href":"https:\/\/eoc.vision\/de\/wp-json\/wp\/v2\/posts\/16880\/revisions"}],"predecessor-version":[{"id":16962,"href":"https:\/\/eoc.vision\/de\/wp-json\/wp\/v2\/posts\/16880\/revisions\/16962"}],"wp:featuredmedia":[{"embeddable":true,"href":"https:\/\/eoc.vision\/de\/wp-json\/wp\/v2\/media\/16959"}],"wp:attachment":[{"href":"https:\/\/eoc.vision\/de\/wp-json\/wp\/v2\/media?parent=16880"}],"wp:term":[{"taxonomy":"category","embeddable":true,"href":"https:\/\/eoc.vision\/de\/wp-json\/wp\/v2\/categories?post=16880"},{"taxonomy":"post_tag","embeddable":true,"href":"https:\/\/eoc.vision\/de\/wp-json\/wp\/v2\/tags?post=16880"}],"curies":[{"name":"wp","href":"https:\/\/api.w.org\/{rel}","templated":true}]}}